{"id":867,"date":"2018-04-10T20:08:21","date_gmt":"2018-04-10T20:08:21","guid":{"rendered":"https:\/\/ftpabmp31.wordpress.com\/?p=867"},"modified":"2018-06-03T15:48:53","modified_gmt":"2018-06-03T13:48:53","slug":"vivre-et-communiquer-avec-un-proche-boulimique-anorexique","status":"publish","type":"post","link":"https:\/\/aboccitanie.fr\/?p=867","title":{"rendered":"Vivre et communiquer avec un proche boulimique &#8211; anorexique"},"content":{"rendered":"<h3><img loading=\"lazy\" decoding=\"async\" class=\"alignnone size-full wp-image-841\" src=\"https:\/\/aboccitanie.fr\/wp-content\/uploads\/2018\/04\/hervais.gif\" alt=\"\" width=\"200\" height=\"265\" \/>Catherine HERVAIS<\/h3>\n<p>Psychologue, l&rsquo;auteur sait combien il peut \u00eatre \u00e9prouvant de vivre avec un proche<br \/>\nboulimique-anorexique mais aussi que l&rsquo;on peut s&rsquo;en sortir et r\u00e9agir de mani\u00e8re ajust\u00e9e.<\/p>\n<p>Son livre r\u00e9pond, avec des mots simples, aux questions que l&rsquo;on se pose quand on est confront\u00e9 \u00e0 ce probl\u00e8me : qu&rsquo;est-ce que la boulimie-anorexie ? Mes soup\u00e7ons sont-ils<br \/>\nfond\u00e9s ? Que faire ? Que dire ? Quels sont les traitements possibles ? Pourquoi fait-elle<br \/>\ncela ?<\/p>\n<p>Ancienne boulimique-anorexique, elle explique l&rsquo;univers int\u00e9rieur de personnes qui se droguent avec la nourriture et propose des clefs pour r\u00e9agir dans les situations critiques de la vie quotidienne, quand :<br \/>\n\u2022 il ou elle a besoin de faire une crise,<br \/>\n\u2022 elle ne veut pas manger,<br \/>\n\u2022 elle se fait vomir,<br \/>\n\u2022 elle s&rsquo;isole et ne veut plus communiquer,<br \/>\n\u2022 elle s&rsquo;automutile ou est tr\u00e8s violente,<br \/>\n\u2022 elle demande de l&rsquo;aide, etc.<br \/>\nD\u00e9culpabilisant, tourn\u00e9 vers l&rsquo;action, porteur d&rsquo;espoir, ce livre fait comprendre ce qui se cache derri\u00e8re l&rsquo;obsession de la nourriture et apprend \u00e0 se prot\u00e9ger du stress et de l&rsquo;angoisse. Il propose pour l&rsquo;entourage une v\u00e9ritable bo\u00eete \u00e0 outils : foire aux questions m\u00e9dicales, webographie, bibliographie, coordonn\u00e9es en cas d&rsquo;urgence.<br \/>\n<strong><span style=\"color: #008000;\">Catherine Hervais<\/span><\/strong> est psychologue, membre de la F\u00e9d\u00e9ration fran\u00e7aise de Psychologie et de Psychanalyse, vice-pr\u00e9sidente de l\u2019Ecole parisienne de Gestalt, sp\u00e9cialis\u00e9e depuis vingt-cinq ans dans la psychoth\u00e9rapie des personnes boulimiques-anorexiques.<\/p>\n","protected":false},"excerpt":{"rendered":"<p>Catherine HERVAIS Psychologue, l&rsquo;auteur sait combien il peut \u00eatre \u00e9prouvant de vivre avec un proche boulimique-anorexique mais aussi que l&rsquo;on peut s&rsquo;en sortir et r\u00e9agir de mani\u00e8re ajust\u00e9e. Son livre r\u00e9pond, avec des mots simples, aux questions que l&rsquo;on se&#8230; <a class=\"more-link\" href=\"https:\/\/aboccitanie.fr\/?p=867\">Continue Reading &rarr;<\/a><\/p>\n","protected":false},"author":1,"featured_media":0,"comment_status":"open","ping_status":"open","sticky":false,"template":"","format":"standard","meta":{"footnotes":""},"categories":[10],"tags":[28,29,30,31],"class_list":["post-867","post","type-post","status-publish","format-standard","hentry","category-bibliographie","tag-catherine-hervais","tag-hervais-catherine","tag-vivre-avec-un-proche-anorexique","tag-vivre-avec-un-proche-boulimique"],"_links":{"self":[{"href":"https:\/\/aboccitanie.fr\/index.php?rest_route=\/wp\/v2\/posts\/867","targetHints":{"allow":["GET"]}}],"collection":[{"href":"https:\/\/aboccitanie.fr\/index.php?rest_route=\/wp\/v2\/posts"}],"about":[{"href":"https:\/\/aboccitanie.fr\/index.php?rest_route=\/wp\/v2\/types\/post"}],"author":[{"embeddable":true,"href":"https:\/\/aboccitanie.fr\/index.php?rest_route=\/wp\/v2\/users\/1"}],"replies":[{"embeddable":true,"href":"https:\/\/aboccitanie.fr\/index.php?rest_route=%2Fwp%2Fv2%2Fcomments&post=867"}],"version-history":[{"count":3,"href":"https:\/\/aboccitanie.fr\/index.php?rest_route=\/wp\/v2\/posts\/867\/revisions"}],"predecessor-version":[{"id":1023,"href":"https:\/\/aboccitanie.fr\/index.php?rest_route=\/wp\/v2\/posts\/867\/revisions\/1023"}],"wp:attachment":[{"href":"https:\/\/aboccitanie.fr\/index.php?rest_route=%2Fwp%2Fv2%2Fmedia&parent=867"}],"wp:term":[{"taxonomy":"category","embeddable":true,"href":"https:\/\/aboccitanie.fr\/index.php?rest_route=%2Fwp%2Fv2%2Fcategories&post=867"},{"taxonomy":"post_tag","embeddable":true,"href":"https:\/\/aboccitanie.fr\/index.php?rest_route=%2Fwp%2Fv2%2Ftags&post=867"}],"curies":[{"name":"wp","href":"https:\/\/api.w.org\/{rel}","templated":true}]}}