{"id":865,"date":"2018-04-10T20:02:24","date_gmt":"2018-04-10T20:02:24","guid":{"rendered":"https:\/\/ftpabmp31.wordpress.com\/?p=865"},"modified":"2024-04-25T12:27:55","modified_gmt":"2024-04-25T10:27:55","slug":"soigner-lanorexie","status":"publish","type":"post","link":"https:\/\/aboccitanie.fr\/?p=865","title":{"rendered":"Soigner l&rsquo;anorexie"},"content":{"rendered":"<h3><img loading=\"lazy\" decoding=\"async\" class=\"alignnone size-medium wp-image-831\" src=\"https:\/\/aboccitanie.fr\/wp-content\/uploads\/2018\/04\/combes-193x300.jpg\" alt=\"\" width=\"193\" height=\"300\" srcset=\"https:\/\/aboccitanie.fr\/wp-content\/uploads\/2018\/04\/combes-193x300.jpg 193w, https:\/\/aboccitanie.fr\/wp-content\/uploads\/2018\/04\/combes.jpg 327w\" sizes=\"auto, (max-width: 193px) 100vw, 193px\" \/>Colette COMBE<\/h3>\n<p>L&rsquo;anorexie est une maladie myst\u00e9rieuse. Face \u00e0 la complexit\u00e9 de son \u00e9nigme, tous nos rep\u00e8res habituels de soin se trouvent abolis. D\u00e9sempar\u00e9s, nous devons ainsi tracer un chemin soignant dans cette d\u00e9sorganisation partag\u00e9e car dans ce chaos r\u00e9sident aussi des d\u00e9sirs meurtris et des forces de gu\u00e9rison que nous avons \u00e0 faire vivre.<\/p>\n<p>L&rsquo;enjeu est donc d&rsquo;\u00eatre l\u00e0, aux c\u00f4t\u00e9s de ces adolescentes, \u00e0 la recherche du mot juste pour nommer avec elles leurs mouvements de transformation, de refus, de d\u00e9calage et d&rsquo;affirmation. Cet ouvrage nous montre comment accompagner avec espoir une douleur<br \/>\nqui, bien souvent, ne prendra sens que dans l&rsquo;apr\u00e8s-coup.<\/p>\n<p>En effet, le soin ne vise pas seulement la gu\u00e9rison des sympt\u00f4mes, il se pr\u00e9occupe aussi<br \/>\ndu remaniement de l&rsquo;impasse existentielle de ces patientes pour qu&rsquo;elles se lib\u00e8rent enfin de la peur de l&#8217;emprise d&rsquo;autrui en se pr\u00e9parant ainsi \u00e0 rencontrer l&rsquo;autre, la sexualit\u00e9 et plus tard la maternit\u00e9&#8230;<br \/>\n<strong><span style=\"color: #008000;\">Colette Combe<\/span><\/strong> nous propose une mani\u00e8re originale de penser le soin de l&rsquo;anorexie par une \u00e9coute psychique sp\u00e9cifique du biologique. C&rsquo;est cette position interm\u00e9diaire facilitant la liaison et la symbolisation qui r\u00e9tablit la subjectivit\u00e9 de ces patientes dans un soin souple, apte \u00e0 accueillir et \u00e0 mettre en sens le triple refus de se nourrir, de se lier et de se soigner&#8230;<\/p>\n<p>&nbsp;<\/p>\n","protected":false},"excerpt":{"rendered":"<p>Colette COMBE L&rsquo;anorexie est une maladie myst\u00e9rieuse. Face \u00e0 la complexit\u00e9 de son \u00e9nigme, tous nos rep\u00e8res habituels de soin se trouvent abolis. D\u00e9sempar\u00e9s, nous devons ainsi tracer un chemin soignant dans cette d\u00e9sorganisation partag\u00e9e car dans ce chaos r\u00e9sident&#8230; <a class=\"more-link\" href=\"https:\/\/aboccitanie.fr\/?p=865\">Continue Reading &rarr;<\/a><\/p>\n","protected":false},"author":1,"featured_media":0,"comment_status":"closed","ping_status":"open","sticky":false,"template":"","format":"standard","meta":{"footnotes":""},"categories":[10],"tags":[32,33,34],"class_list":["post-865","post","type-post","status-publish","format-standard","hentry","category-bibliographie","tag-colette-combe","tag-combe-colette","tag-soigner-lanorexie"],"_links":{"self":[{"href":"https:\/\/aboccitanie.fr\/index.php?rest_route=\/wp\/v2\/posts\/865","targetHints":{"allow":["GET"]}}],"collection":[{"href":"https:\/\/aboccitanie.fr\/index.php?rest_route=\/wp\/v2\/posts"}],"about":[{"href":"https:\/\/aboccitanie.fr\/index.php?rest_route=\/wp\/v2\/types\/post"}],"author":[{"embeddable":true,"href":"https:\/\/aboccitanie.fr\/index.php?rest_route=\/wp\/v2\/users\/1"}],"replies":[{"embeddable":true,"href":"https:\/\/aboccitanie.fr\/index.php?rest_route=%2Fwp%2Fv2%2Fcomments&post=865"}],"version-history":[{"count":3,"href":"https:\/\/aboccitanie.fr\/index.php?rest_route=\/wp\/v2\/posts\/865\/revisions"}],"predecessor-version":[{"id":1024,"href":"https:\/\/aboccitanie.fr\/index.php?rest_route=\/wp\/v2\/posts\/865\/revisions\/1024"}],"wp:attachment":[{"href":"https:\/\/aboccitanie.fr\/index.php?rest_route=%2Fwp%2Fv2%2Fmedia&parent=865"}],"wp:term":[{"taxonomy":"category","embeddable":true,"href":"https:\/\/aboccitanie.fr\/index.php?rest_route=%2Fwp%2Fv2%2Fcategories&post=865"},{"taxonomy":"post_tag","embeddable":true,"href":"https:\/\/aboccitanie.fr\/index.php?rest_route=%2Fwp%2Fv2%2Ftags&post=865"}],"curies":[{"name":"wp","href":"https:\/\/api.w.org\/{rel}","templated":true}]}}