{"id":855,"date":"2018-04-10T19:43:35","date_gmt":"2018-04-10T19:43:35","guid":{"rendered":"https:\/\/ftpabmp31.wordpress.com\/?p=855"},"modified":"2024-04-25T12:28:22","modified_gmt":"2024-04-25T10:28:22","slug":"anorexie-et-boulimie-comprendre-et-aider-votre-enfant","status":"publish","type":"post","link":"https:\/\/aboccitanie.fr\/?p=855","title":{"rendered":"Anorexie et boulimie: comprendre et aider votre enfant"},"content":{"rendered":"<h3><img loading=\"lazy\" decoding=\"async\" class=\"alignnone size-medium wp-image-843\" src=\"https:\/\/aboccitanie.fr\/wp-content\/uploads\/2018\/04\/tourte-198x300.jpg\" alt=\"\" width=\"198\" height=\"300\" srcset=\"https:\/\/aboccitanie.fr\/wp-content\/uploads\/2018\/04\/tourte-198x300.jpg 198w, https:\/\/aboccitanie.fr\/wp-content\/uploads\/2018\/04\/tourte.jpg 350w\" sizes=\"auto, (max-width: 198px) 100vw, 198px\" \/>G\u00e9rard TIXIER et Clothilde TOURTE<\/h3>\n<p>Votre enfant ne mange plus ou bien il vide les placards en cachette. Les repas deviennent un enjeu vital, et chaque parole autour de la nourriture porte les germes d\u2019un conflit. Tout autant que les adolescents, les parents ont besoin d\u2019\u00eatre \u00e9paul\u00e9s. Rep\u00e9rer la spirale du trouble alimentaire est la premi\u00e8re \u00e9tape de la prise de conscience.<br \/>\n\u2022 Quels sont les signes qui doivent alerter ?<br \/>\n\u2022 Que dire et ne pas dire \u00e0 l\u2019adolescent ?<br \/>\n\u2022 Comment dire non \u00e0 ses exigences sans peur ni culpabilit\u00e9 ?<br \/>\n\u2022 Comment, \u00e0 l\u2019adolescence, ne pas laisser la nourriture remplacer les mots ?<br \/>\n\u00c0 partir de questions de parents et de t\u00e9moignages, les auteurs apportent des r\u00e9ponses qui vous aideront \u00e0 comprendre la souffrance de votre enfant et \u00e0 vous lib\u00e9rer de l\u2019inqui\u00e9tude et du sentiment d\u2019impuissance. Vous serez alors plus aptes \u00e0 l\u2019accompagner dans le processus de gu\u00e9rison de l\u2019anorexie ou de la boulimie.<\/p>\n<p><span style=\"color: #008000;\">Les auteurs :<\/span><br \/>\nG\u00e9rard Tixier est psychiatre psychanalyste, ex-pr\u00e9sident de SOS<br \/>\nD\u00e9pression, membre du r\u00e9seau Ado Cochin (Maison de Solenn). Il est<br \/>\nauteur et coauteur de plusieurs ouvrages.<br \/>\nClothilde Tourte est psychologue clinicienne, sp\u00e9cialis\u00e9e dans les troubles<br \/>\ndu comportement alimentaire et coach certifi\u00e9e Linkup coaching et<br \/>\nintervenante groupe Linkup.<\/p>\n","protected":false},"excerpt":{"rendered":"<p>G\u00e9rard TIXIER et Clothilde TOURTE Votre enfant ne mange plus ou bien il vide les placards en cachette. Les repas deviennent un enjeu vital, et chaque parole autour de la nourriture porte les germes d\u2019un conflit. Tout autant que les&#8230; <a class=\"more-link\" href=\"https:\/\/aboccitanie.fr\/?p=855\">Continue Reading &rarr;<\/a><\/p>\n","protected":false},"author":1,"featured_media":0,"comment_status":"closed","ping_status":"open","sticky":false,"template":"","format":"standard","meta":{"footnotes":""},"categories":[10],"tags":[12,50,47,48,49,51],"class_list":["post-855","post","type-post","status-publish","format-standard","hentry","category-bibliographie","tag-anorexie-et-boulimie","tag-clothilde-tourte","tag-comprendre-et-aider-votre-enfant","tag-gerad-tixier","tag-tixier-gerard","tag-tourte-clothilde"],"_links":{"self":[{"href":"https:\/\/aboccitanie.fr\/index.php?rest_route=\/wp\/v2\/posts\/855","targetHints":{"allow":["GET"]}}],"collection":[{"href":"https:\/\/aboccitanie.fr\/index.php?rest_route=\/wp\/v2\/posts"}],"about":[{"href":"https:\/\/aboccitanie.fr\/index.php?rest_route=\/wp\/v2\/types\/post"}],"author":[{"embeddable":true,"href":"https:\/\/aboccitanie.fr\/index.php?rest_route=\/wp\/v2\/users\/1"}],"replies":[{"embeddable":true,"href":"https:\/\/aboccitanie.fr\/index.php?rest_route=%2Fwp%2Fv2%2Fcomments&post=855"}],"version-history":[{"count":3,"href":"https:\/\/aboccitanie.fr\/index.php?rest_route=\/wp\/v2\/posts\/855\/revisions"}],"predecessor-version":[{"id":1029,"href":"https:\/\/aboccitanie.fr\/index.php?rest_route=\/wp\/v2\/posts\/855\/revisions\/1029"}],"wp:attachment":[{"href":"https:\/\/aboccitanie.fr\/index.php?rest_route=%2Fwp%2Fv2%2Fmedia&parent=855"}],"wp:term":[{"taxonomy":"category","embeddable":true,"href":"https:\/\/aboccitanie.fr\/index.php?rest_route=%2Fwp%2Fv2%2Fcategories&post=855"},{"taxonomy":"post_tag","embeddable":true,"href":"https:\/\/aboccitanie.fr\/index.php?rest_route=%2Fwp%2Fv2%2Ftags&post=855"}],"curies":[{"name":"wp","href":"https:\/\/api.w.org\/{rel}","templated":true}]}}