{"id":853,"date":"2018-04-10T19:40:05","date_gmt":"2018-04-10T19:40:05","guid":{"rendered":"https:\/\/ftpabmp31.wordpress.com\/?p=853"},"modified":"2024-04-25T12:28:28","modified_gmt":"2024-04-25T10:28:28","slug":"le-mystere-de-lanorexie","status":"publish","type":"post","link":"https:\/\/aboccitanie.fr\/?p=853","title":{"rendered":"Le myst\u00e8re de l&rsquo;anorexie"},"content":{"rendered":"<h3><img loading=\"lazy\" decoding=\"async\" class=\"alignnone size-medium wp-image-835\" src=\"https:\/\/aboccitanie.fr\/wp-content\/uploads\/2018\/04\/pomereau-191x300.jpg\" alt=\"\" width=\"191\" height=\"300\" srcset=\"https:\/\/aboccitanie.fr\/wp-content\/uploads\/2018\/04\/pomereau-191x300.jpg 191w, https:\/\/aboccitanie.fr\/wp-content\/uploads\/2018\/04\/pomereau.jpg 317w\" sizes=\"auto, (max-width: 191px) 100vw, 191px\" \/>Dr Xavier Pommereau et Jean-Philippe De Tonnac<\/h3>\n<p>Une adolescente sur dix souffre de troubles alimentaires. Une sur cent en pr\u00e9sente la forme la plus grave pouvant conduire \u00e0 la mort : l&rsquo;anorexie mentale. L&rsquo;opinion publique cherchant des coupables, on incrimine tour \u00e0 tour la mode, l&rsquo;obsession des r\u00e9gimes \u00ab\u00a0minceur \u00ab\u00a0, l&rsquo;ambiance et les relations familiales.<\/p>\n<p>Mais l&rsquo;anorexie est une maladie qui r\u00e9siste \u00e0 ces explications. Et pour la soigner efficacement, il faut tenter de la comprendre en profondeur. Deux \u00a0\u00bb sp\u00e9cialistes \u00a0\u00bb de l&rsquo;anorexie croisent leur exp\u00e9rience et leur regard. L&rsquo;un est responsable d&rsquo;une unit\u00e9<br \/>\nhospitali\u00e8re consacr\u00e9e aux jeunes anorexiques. L&rsquo;autre, essayiste, journaliste, a travers\u00e9 l&rsquo;exp\u00e9rience de l&rsquo;anorexie au sortir de l&rsquo;adolescence.<br \/>\nPour la premi\u00e8re fois, ils se sont risqu\u00e9s \u00e0 franchir la fronti\u00e8re qui s\u00e9pare soign\u00e9s et soignants, et \u00e0 engager un dialogue sans concession. En sortant des sentiers battus, en acceptant d&rsquo;aborder les points les plus obscurs et les aspects trop souvent ignor\u00e9s, ils nous font entrer dans le myst\u00e8re de l&rsquo;anorexie. Surtout, c&rsquo;est l&rsquo;humanit\u00e9 et le souffle m\u00eame qui se d\u00e9gagent de ce dialogue qui permettent d&rsquo;entrevoir des solutions<br \/>\nth\u00e9rapeutiques.<br \/>\n<span style=\"color: #008000;\">Biographie des auteurs<\/span><br \/>\nXavier Pommereau est psychiatre, responsable du P\u00f4le aquitain de<br \/>\nl&rsquo;adolescent (centre Abadie, CHU de Bordeaux). Il est notamment auteur<br \/>\nde L&rsquo;Adolescent suicidaire (Dunod) et de Ado \u00e0 fleur de peau (.Albin<br \/>\nMichel).<br \/>\nJean-Philippe De Tonnac est \u00e9crivain. Il a notamment publi\u00e9 Anorexia.<br \/>\nEnqu\u00eate sur l&rsquo;exp\u00e9rience de la faim (Albin Michel).<\/p>\n<p>&nbsp;<\/p>\n","protected":false},"excerpt":{"rendered":"<p>Dr Xavier Pommereau et Jean-Philippe De Tonnac Une adolescente sur dix souffre de troubles alimentaires. Une sur cent en pr\u00e9sente la forme la plus grave pouvant conduire \u00e0 la mort : l&rsquo;anorexie mentale. L&rsquo;opinion publique cherchant des coupables, on incrimine&#8230; <a class=\"more-link\" href=\"https:\/\/aboccitanie.fr\/?p=853\">Continue Reading &rarr;<\/a><\/p>\n","protected":false},"author":1,"featured_media":0,"comment_status":"closed","ping_status":"open","sticky":false,"template":"","format":"standard","meta":{"footnotes":""},"categories":[10],"tags":[65,63,62,64,61],"class_list":["post-853","post","type-post","status-publish","format-standard","hentry","category-bibliographie","tag-de-tonnac-jean-philippe","tag-dr-pommereau-xavier","tag-dr-xavier-pommereau","tag-jean-philippe-de-tonnac","tag-les-mysteres-de-lanorexie"],"_links":{"self":[{"href":"https:\/\/aboccitanie.fr\/index.php?rest_route=\/wp\/v2\/posts\/853","targetHints":{"allow":["GET"]}}],"collection":[{"href":"https:\/\/aboccitanie.fr\/index.php?rest_route=\/wp\/v2\/posts"}],"about":[{"href":"https:\/\/aboccitanie.fr\/index.php?rest_route=\/wp\/v2\/types\/post"}],"author":[{"embeddable":true,"href":"https:\/\/aboccitanie.fr\/index.php?rest_route=\/wp\/v2\/users\/1"}],"replies":[{"embeddable":true,"href":"https:\/\/aboccitanie.fr\/index.php?rest_route=%2Fwp%2Fv2%2Fcomments&post=853"}],"version-history":[{"count":3,"href":"https:\/\/aboccitanie.fr\/index.php?rest_route=\/wp\/v2\/posts\/853\/revisions"}],"predecessor-version":[{"id":1030,"href":"https:\/\/aboccitanie.fr\/index.php?rest_route=\/wp\/v2\/posts\/853\/revisions\/1030"}],"wp:attachment":[{"href":"https:\/\/aboccitanie.fr\/index.php?rest_route=%2Fwp%2Fv2%2Fmedia&parent=853"}],"wp:term":[{"taxonomy":"category","embeddable":true,"href":"https:\/\/aboccitanie.fr\/index.php?rest_route=%2Fwp%2Fv2%2Fcategories&post=853"},{"taxonomy":"post_tag","embeddable":true,"href":"https:\/\/aboccitanie.fr\/index.php?rest_route=%2Fwp%2Fv2%2Ftags&post=853"}],"curies":[{"name":"wp","href":"https:\/\/api.w.org\/{rel}","templated":true}]}}