{"id":849,"date":"2018-04-10T19:33:20","date_gmt":"2018-04-10T19:33:20","guid":{"rendered":"https:\/\/ftpabmp31.wordpress.com\/?p=849"},"modified":"2024-04-25T12:26:16","modified_gmt":"2024-04-25T10:26:16","slug":"thornytorinx","status":"publish","type":"post","link":"https:\/\/aboccitanie.fr\/?p=849","title":{"rendered":"Thornytorinx"},"content":{"rendered":"<h3><img loading=\"lazy\" decoding=\"async\" class=\"alignnone size-medium wp-image-851\" src=\"https:\/\/aboccitanie.fr\/wp-content\/uploads\/2018\/04\/peretti-184x300.jpg\" alt=\"\" width=\"184\" height=\"300\" srcset=\"https:\/\/aboccitanie.fr\/wp-content\/uploads\/2018\/04\/peretti-184x300.jpg 184w, https:\/\/aboccitanie.fr\/wp-content\/uploads\/2018\/04\/peretti.jpg 210w\" sizes=\"auto, (max-width: 184px) 100vw, 184px\" \/>Camille De Peretti<\/h3>\n<p>Depuis toujours, Camille est une princesse. Elle doit donc avoir de jolies robes (traduisez: faire du shopping), \u00eatre intelligente (comprenez int\u00e9grer une grande \u00e9cole de commerce) et \u00eatre toujours la plus belle (en d&rsquo;autres termes \u00eatre mince).<\/p>\n<p>Elle s&rsquo;attelle consciencieusement \u00e0 la t\u00e2che et, \u00e0 vingt ans, c&rsquo;est une \u00e9l\u00e8ve brillante, \u00e9l\u00e9gante, et une v\u00e9ritable brindille de 50 kilos pour 1 m\u00e8tre 70. Mais lorsque ses \u00e9tudes l&rsquo;\u00e9loignent de ses r\u00eaves, que son c\u0153ur s&rsquo;enflamme pour un beau t\u00e9n\u00e9breux et que son poids commence \u00e0 fluctuer, rien ne va plus.<\/p>\n<p>Son recours? Se faire vomir, syst\u00e9matiquement, jusqu&rsquo;\u00e0 l&rsquo;obsession: Camille est devenue une boulimique anorexique. Seulement, les princesses ne sont pas malades, et pour l&rsquo;ex-petite fille mod\u00e8le va alors commencer un long et tortueux combat&#8230;<br \/>\n<span style=\"color: #008000;\">Biographie de l&rsquo;auteur<\/span><br \/>\nN\u00e9e \u00e0 paris en 1980, dipl\u00f4m\u00e9e de hautes \u00e9tudes de commerce, Camille de<br \/>\nPeretti est aujourd&rsquo;hui com\u00e9dienne. Son premier roman, Thornytorinx,<br \/>\nd&rsquo;inspiration autobiographique, a paru aux Editions Belfond en 2005.<\/p>\n<p>&nbsp;<\/p>\n","protected":false},"excerpt":{"rendered":"<p>Camille De Peretti Depuis toujours, Camille est une princesse. Elle doit donc avoir de jolies robes (traduisez: faire du shopping), \u00eatre intelligente (comprenez int\u00e9grer une grande \u00e9cole de commerce) et \u00eatre toujours la plus belle (en d&rsquo;autres termes \u00eatre mince)&#8230;. <a class=\"more-link\" href=\"https:\/\/aboccitanie.fr\/?p=849\">Continue Reading &rarr;<\/a><\/p>\n","protected":false},"author":1,"featured_media":0,"comment_status":"closed","ping_status":"open","sticky":false,"template":"","format":"standard","meta":{"footnotes":""},"categories":[10],"tags":[70,71,69],"class_list":["post-849","post","type-post","status-publish","format-standard","hentry","category-bibliographie","tag-camille-de-peretti","tag-de-peretti-camille","tag-thornytorinx"],"_links":{"self":[{"href":"https:\/\/aboccitanie.fr\/index.php?rest_route=\/wp\/v2\/posts\/849","targetHints":{"allow":["GET"]}}],"collection":[{"href":"https:\/\/aboccitanie.fr\/index.php?rest_route=\/wp\/v2\/posts"}],"about":[{"href":"https:\/\/aboccitanie.fr\/index.php?rest_route=\/wp\/v2\/types\/post"}],"author":[{"embeddable":true,"href":"https:\/\/aboccitanie.fr\/index.php?rest_route=\/wp\/v2\/users\/1"}],"replies":[{"embeddable":true,"href":"https:\/\/aboccitanie.fr\/index.php?rest_route=%2Fwp%2Fv2%2Fcomments&post=849"}],"version-history":[{"count":3,"href":"https:\/\/aboccitanie.fr\/index.php?rest_route=\/wp\/v2\/posts\/849\/revisions"}],"predecessor-version":[{"id":1018,"href":"https:\/\/aboccitanie.fr\/index.php?rest_route=\/wp\/v2\/posts\/849\/revisions\/1018"}],"wp:attachment":[{"href":"https:\/\/aboccitanie.fr\/index.php?rest_route=%2Fwp%2Fv2%2Fmedia&parent=849"}],"wp:term":[{"taxonomy":"category","embeddable":true,"href":"https:\/\/aboccitanie.fr\/index.php?rest_route=%2Fwp%2Fv2%2Fcategories&post=849"},{"taxonomy":"post_tag","embeddable":true,"href":"https:\/\/aboccitanie.fr\/index.php?rest_route=%2Fwp%2Fv2%2Ftags&post=849"}],"curies":[{"name":"wp","href":"https:\/\/api.w.org\/{rel}","templated":true}]}}