{"id":846,"date":"2018-04-10T19:25:59","date_gmt":"2018-04-10T19:25:59","guid":{"rendered":"https:\/\/ftpabmp31.wordpress.com\/?p=846"},"modified":"2024-04-25T12:25:55","modified_gmt":"2024-04-25T10:25:55","slug":"comprendre-et-soigner-la-boulimie","status":"publish","type":"post","link":"https:\/\/aboccitanie.fr\/?p=846","title":{"rendered":"Comprendre et Soigner la boulimie"},"content":{"rendered":"<h4><img loading=\"lazy\" decoding=\"async\" class=\"alignnone size-medium wp-image-729\" src=\"https:\/\/aboccitanie.fr\/wp-content\/uploads\/2018\/04\/41jmyofygl-_sx315_bo1204203200_-191x300.jpg\" alt=\"\" width=\"191\" height=\"300\" srcset=\"https:\/\/aboccitanie.fr\/wp-content\/uploads\/2018\/04\/41jmyofygl-_sx315_bo1204203200_-191x300.jpg 191w, https:\/\/aboccitanie.fr\/wp-content\/uploads\/2018\/04\/41jmyofygl-_sx315_bo1204203200_.jpg 317w\" sizes=\"auto, (max-width: 191px) 100vw, 191px\" \/>Colette Combe<\/h4>\n<p>Cet ouvrage r\u00e9pond aux questions essentielles concernant la gen\u00e8se et le traitement de ce trouble myst\u00e9rieux du comportement alimentaire qu&rsquo;est la boulimie. Quelle est l&rsquo;origine du d\u00e9sir boulimique ? Comment s&rsquo;installe et s&#8217;emballe ce trouble ? Quelle en est \u00a0\u00bb l&rsquo;utilit\u00e9 \u00a0\u00bb dans la vie psychique ?<\/p>\n<p>Le comportement boulimique semble repr\u00e9senter une solution pour pr\u00e9server un espace d&rsquo;intimit\u00e9 secr\u00e8te. La boulimie pourrait r\u00e9v\u00e9ler alors l&rsquo;existence d&rsquo;autres secrets et nous entra\u00eener vers les origines primitives des \u00e9motions et des v\u00e9cus humains.<\/p>\n<p>\u00c0 partir de ces hypoth\u00e8ses, l&rsquo;auteure met en place un travail original avec les personnes concern\u00e9es par ces troubles. Elle rend compte de son exp\u00e9rience clinique fond\u00e9e sur le travail de symbolisation \u00e0 partir des contes, mythes et textes sacr\u00e9s mis en relation avec l&rsquo;inconscient des patientes, et sur l&rsquo;analyse de leurs \u00e9motions, de leurs r\u00eaves et de leurs cauchemars provoqu\u00e9s par le soin.<br \/>\nColette Combe reprend pas \u00e0 pas l&rsquo;\u00e9nigme de la boulimie, en cherchant \u00e0 situer les obstacles au d\u00e9sir de gu\u00e9rir, \u00e0 rep\u00e9rer les \u00e9tapes qui rythment la sortie de la boulimie et \u00e0 localiser les confrontations engendr\u00e9es par le processus de gu\u00e9rison.<br \/>\nPsychanalyste et psychiatre, Colette Combe travaille depuis 1980<br \/>\nsur les processus de gu\u00e9rison de l&rsquo;anorexie mentale. Elle mobilise sa<br \/>\npratique du soin en m\u00e9decine et en psychiatrie au service d&rsquo;une \u00e9coute<br \/>\npsychosomatique au cours de la consultation psychoth\u00e9rapeutique et du<br \/>\nr\u00e9apprentissage nutritionnel.<\/p>\n","protected":false},"excerpt":{"rendered":"<p>Colette Combe Cet ouvrage r\u00e9pond aux questions essentielles concernant la gen\u00e8se et le traitement de ce trouble myst\u00e9rieux du comportement alimentaire qu&rsquo;est la boulimie. Quelle est l&rsquo;origine du d\u00e9sir boulimique ? Comment s&rsquo;installe et s&#8217;emballe ce trouble ? Quelle en&#8230; <a class=\"more-link\" href=\"https:\/\/aboccitanie.fr\/?p=846\">Continue Reading &rarr;<\/a><\/p>\n","protected":false},"author":1,"featured_media":0,"comment_status":"closed","ping_status":"open","sticky":false,"template":"","format":"standard","meta":{"footnotes":""},"categories":[10],"tags":[32,33,46],"class_list":["post-846","post","type-post","status-publish","format-standard","hentry","category-bibliographie","tag-colette-combe","tag-combe-colette","tag-comprendre-et-soigner-lanorexie"],"_links":{"self":[{"href":"https:\/\/aboccitanie.fr\/index.php?rest_route=\/wp\/v2\/posts\/846","targetHints":{"allow":["GET"]}}],"collection":[{"href":"https:\/\/aboccitanie.fr\/index.php?rest_route=\/wp\/v2\/posts"}],"about":[{"href":"https:\/\/aboccitanie.fr\/index.php?rest_route=\/wp\/v2\/types\/post"}],"author":[{"embeddable":true,"href":"https:\/\/aboccitanie.fr\/index.php?rest_route=\/wp\/v2\/users\/1"}],"replies":[{"embeddable":true,"href":"https:\/\/aboccitanie.fr\/index.php?rest_route=%2Fwp%2Fv2%2Fcomments&post=846"}],"version-history":[{"count":2,"href":"https:\/\/aboccitanie.fr\/index.php?rest_route=\/wp\/v2\/posts\/846\/revisions"}],"predecessor-version":[{"id":1031,"href":"https:\/\/aboccitanie.fr\/index.php?rest_route=\/wp\/v2\/posts\/846\/revisions\/1031"}],"wp:attachment":[{"href":"https:\/\/aboccitanie.fr\/index.php?rest_route=%2Fwp%2Fv2%2Fmedia&parent=846"}],"wp:term":[{"taxonomy":"category","embeddable":true,"href":"https:\/\/aboccitanie.fr\/index.php?rest_route=%2Fwp%2Fv2%2Fcategories&post=846"},{"taxonomy":"post_tag","embeddable":true,"href":"https:\/\/aboccitanie.fr\/index.php?rest_route=%2Fwp%2Fv2%2Ftags&post=846"}],"curies":[{"name":"wp","href":"https:\/\/api.w.org\/{rel}","templated":true}]}}